{"id":594,"date":"2015-10-15T14:17:37","date_gmt":"2015-10-15T12:17:37","guid":{"rendered":"http:\/\/consejosocial.umh.es\/?p=594"},"modified":"2015-10-15T14:17:37","modified_gmt":"2015-10-15T12:17:37","slug":"reunion-de-la-comision-de-asuntos-economicos-8","status":"publish","type":"post","link":"https:\/\/consejosocial.umh.es\/en\/2015\/10\/15\/reunion-de-la-comision-de-asuntos-economicos-8\/","title":{"rendered":"Reuni\u00f3n de la Comisi\u00f3n de Asuntos Econ\u00f3micos"},"content":{"rendered":"","protected":false},"excerpt":{"rendered":"","protected":false},"author":321,"featured_media":0,"comment_status":"closed","ping_status":"open","sticky":false,"template":"","format":"standard","meta":{"ngg_post_thumbnail":0,"_links_to":"","_links_to_target":""},"categories":[4],"tags":[],"_links":{"self":[{"href":"https:\/\/consejosocial.umh.es\/en\/wp-json\/wp\/v2\/posts\/594"}],"collection":[{"href":"https:\/\/consejosocial.umh.es\/en\/wp-json\/wp\/v2\/posts"}],"about":[{"href":"https:\/\/consejosocial.umh.es\/en\/wp-json\/wp\/v2\/types\/post"}],"author":[{"embeddable":true,"href":"https:\/\/consejosocial.umh.es\/en\/wp-json\/wp\/v2\/users\/321"}],"replies":[{"embeddable":true,"href":"https:\/\/consejosocial.umh.es\/en\/wp-json\/wp\/v2\/comments?post=594"}],"version-history":[{"count":0,"href":"https:\/\/consejosocial.umh.es\/en\/wp-json\/wp\/v2\/posts\/594\/revisions"}],"wp:attachment":[{"href":"https:\/\/consejosocial.umh.es\/en\/wp-json\/wp\/v2\/media?parent=594"}],"wp:term":[{"taxonomy":"category","embeddable":true,"href":"https:\/\/consejosocial.umh.es\/en\/wp-json\/wp\/v2\/categories?post=594"},{"taxonomy":"post_tag","embeddable":true,"href":"https:\/\/consejosocial.umh.es\/en\/wp-json\/wp\/v2\/tags?post=594"}],"curies":[{"name":"wp","href":"https:\/\/api.w.org\/{rel}","templated":true}]}}