{"id":147,"date":"2011-01-21T11:08:57","date_gmt":"2011-01-21T10:08:57","guid":{"rendered":"http:\/\/consejosocial.zeus.umh.es\/?p=147"},"modified":"2011-01-21T11:08:57","modified_gmt":"2011-01-21T10:08:57","slug":"toma-de-posesion-del-nuevo-vocal","status":"publish","type":"post","link":"https:\/\/consejosocial.umh.es\/en\/2011\/01\/21\/toma-de-posesion-del-nuevo-vocal\/","title":{"rendered":"Toma de posesi\u00f3n del nuevo vocal"},"content":{"rendered":"<p>Fotograf\u00eda del Pleno ordinario de 20 de Diciembre de 2010 en el que tom\u00f3 posesi\u00f3n el nuevo vocal del Consejo Social\u00a0 D. F\u00e9lix M\u00aa Cerd\u00e1n Mart\u00ednez.<\/p>\n<p><a href=\"https:\/\/consejosocial.umh.es\/files\/2011\/01\/consejo-social_mg_7757.jpg\"><img loading=\"lazy\" class=\"alignnone size-medium wp-image-149\" src=\"https:\/\/consejosocial.umh.es\/files\/2011\/01\/consejo-social_mg_7757-300x200.jpg\" alt=\"\" width=\"300\" height=\"200\" srcset=\"https:\/\/consejosocial.umh.es\/files\/2011\/01\/consejo-social_mg_7757-300x200.jpg 300w, https:\/\/consejosocial.umh.es\/files\/2011\/01\/consejo-social_mg_7757-1024x682.jpg 1024w, https:\/\/consejosocial.umh.es\/files\/2011\/01\/consejo-social_mg_7757.jpg 1536w\" sizes=\"(max-width: 300px) 100vw, 300px\" \/><\/a><\/p>\n","protected":false},"excerpt":{"rendered":"<p>Fotograf\u00eda del Pleno ordinario de 20 de Diciembre de 2010 en el que tom\u00f3 posesi\u00f3n el nuevo vocal del Consejo Social\u00a0 D. F\u00e9lix M\u00aa Cerd\u00e1n Mart\u00ednez.<\/p>\n","protected":false},"author":1,"featured_media":0,"comment_status":"closed","ping_status":"closed","sticky":false,"template":"","format":"standard","meta":{"ngg_post_thumbnail":0,"_links_to":"","_links_to_target":""},"categories":[507],"tags":[],"_links":{"self":[{"href":"https:\/\/consejosocial.umh.es\/en\/wp-json\/wp\/v2\/posts\/147"}],"collection":[{"href":"https:\/\/consejosocial.umh.es\/en\/wp-json\/wp\/v2\/posts"}],"about":[{"href":"https:\/\/consejosocial.umh.es\/en\/wp-json\/wp\/v2\/types\/post"}],"author":[{"embeddable":true,"href":"https:\/\/consejosocial.umh.es\/en\/wp-json\/wp\/v2\/users\/1"}],"replies":[{"embeddable":true,"href":"https:\/\/consejosocial.umh.es\/en\/wp-json\/wp\/v2\/comments?post=147"}],"version-history":[{"count":0,"href":"https:\/\/consejosocial.umh.es\/en\/wp-json\/wp\/v2\/posts\/147\/revisions"}],"wp:attachment":[{"href":"https:\/\/consejosocial.umh.es\/en\/wp-json\/wp\/v2\/media?parent=147"}],"wp:term":[{"taxonomy":"category","embeddable":true,"href":"https:\/\/consejosocial.umh.es\/en\/wp-json\/wp\/v2\/categories?post=147"},{"taxonomy":"post_tag","embeddable":true,"href":"https:\/\/consejosocial.umh.es\/en\/wp-json\/wp\/v2\/tags?post=147"}],"curies":[{"name":"wp","href":"https:\/\/api.w.org\/{rel}","templated":true}]}}