{"id":181,"date":"2011-09-14T09:17:11","date_gmt":"2011-09-14T08:17:11","guid":{"rendered":"http:\/\/consejosocial.zeus.umh.es\/?p=181"},"modified":"2011-09-14T09:17:11","modified_gmt":"2011-09-14T08:17:11","slug":"comision-asuntos-academicos-4","status":"publish","type":"post","link":"https:\/\/consejosocial.umh.es\/ca\/2011\/09\/14\/comision-asuntos-academicos-4\/","title":{"rendered":"Reuni\u00f3n de la Comisi\u00f3n Asuntos Acad\u00e9micos"},"content":{"rendered":"","protected":false},"excerpt":{"rendered":"","protected":false},"author":387,"featured_media":0,"comment_status":"closed","ping_status":"closed","sticky":false,"template":"","format":"standard","meta":{"ngg_post_thumbnail":0,"_links_to":"","_links_to_target":""},"categories":[4],"tags":[],"_links":{"self":[{"href":"https:\/\/consejosocial.umh.es\/ca\/wp-json\/wp\/v2\/posts\/181"}],"collection":[{"href":"https:\/\/consejosocial.umh.es\/ca\/wp-json\/wp\/v2\/posts"}],"about":[{"href":"https:\/\/consejosocial.umh.es\/ca\/wp-json\/wp\/v2\/types\/post"}],"author":[{"embeddable":true,"href":"https:\/\/consejosocial.umh.es\/ca\/wp-json\/wp\/v2\/users\/387"}],"replies":[{"embeddable":true,"href":"https:\/\/consejosocial.umh.es\/ca\/wp-json\/wp\/v2\/comments?post=181"}],"version-history":[{"count":0,"href":"https:\/\/consejosocial.umh.es\/ca\/wp-json\/wp\/v2\/posts\/181\/revisions"}],"wp:attachment":[{"href":"https:\/\/consejosocial.umh.es\/ca\/wp-json\/wp\/v2\/media?parent=181"}],"wp:term":[{"taxonomy":"category","embeddable":true,"href":"https:\/\/consejosocial.umh.es\/ca\/wp-json\/wp\/v2\/categories?post=181"},{"taxonomy":"post_tag","embeddable":true,"href":"https:\/\/consejosocial.umh.es\/ca\/wp-json\/wp\/v2\/tags?post=181"}],"curies":[{"name":"wp","href":"https:\/\/api.w.org\/{rel}","templated":true}]}}